{"id":338,"date":"2016-12-01T01:49:51","date_gmt":"2016-11-30T23:49:51","guid":{"rendered":"https:\/\/thewayishappinessblog.wordpress.com\/?p=338"},"modified":"2016-12-01T01:49:51","modified_gmt":"2016-11-30T23:49:51","slug":"bartwuchs","status":"publish","type":"post","link":"https:\/\/radness.de\/?p=338","title":{"rendered":"Bartwuchs."},"content":{"rendered":"<p>Hochmotiviert bin ich, inspiriert durch Axel H., in den Movember gestartet. Gut, die Regeln lie\u00dfen sich individualisieren: Ich h\u00e4tte den ganzen Bart wachsen lassen, und nicht nur den Schnauzer. Ich habe schlie\u00dflich keinen Rasierer mit. Und wer will schon streng mit sich sein? &#8222;H\u00e4tte den Bart wachsen lassen&#8220; ist fast richtig, denn die beiden Punkte \u00fcber dem &#8222;\u00e4&#8220; k\u00f6nnte man streichen. Ich hatte. Nur &#8211; es tat sich nix, wobei hier richtigerweise &#8222;kaum&#8220; an Stelle von &#8222;nix&#8220; stehen m\u00fcsste. Es tat sich kaum etwas; ich hatte sehr wenig Bart f\u00fcr vier Wochen unrasiert sein. Bei der Generalprobe im und um den Islandurlaub im September spross bei Weitem mehr in der gleichen Zeit. Es dr\u00e4ngt sich zwangsl\u00e4ufig die Frage auf, woran das liegen k\u00f6nnte, insbesondere, wenn man sonst nix zum Nachdenken hat. Hier m\u00f6ge der Leser wieder &#8222;kaum&#8220; an Stelle von &#8222;nix&#8220; einpflegen, versteht sich. Folgende Hypothesen habe ich durchdacht:<\/p>\n<p>1) Die Anstrengung: Das w\u00fcrden wohl die meisten Leser einwerfen. Nun gut, ich k\u00f6nnte mir vorstellen, dass die endogene Glukokortikoid (&#8222;Cortison&#8220;) Produktion durch den Stress gesteigert und die Androgensynthese daf\u00fcr zur\u00fcckgefahren wird. Jedoch, dagegen spricht, dass es gar nicht so anstrengend ist. Ich bin selten au\u00dfer Puste. Und bei den Haaren sind es vor allem die Testosteronrezeptoren an den Haarfollikeln, und nicht das Hormon selbst, dass wohl die Behaarung steuert. Zumindest habe ich das gelesen.<\/p>\n<p>2) Die UV-Strahlung: Strahlung ist generell schlecht und eventuell k\u00f6nnte das UV-Licht direkt auf die Haarfollikel einwirken und diese in Seneszenz treiben, oder Autophagie. Dieses Konzept w\u00fcrde hervorragend in die aktuelle Forschungslandschaft passen. Da ist es wie in der Modebranche: Wenn man Dinge lange genug warm h\u00e4lt, dann kommen sie wieder.<\/p>\n<p>3) Epigenetische Ver\u00e4nderungen, durch diverse Umweltfaktoren: Das k\u00f6nnte auch erkl\u00e4ren, warum so wenig Chilenen einen dicken Bart tragen, auch wenn es diese Exoten nat\u00fcrlich gibt. Es w\u00fcrde also zur Umprogrammierung der Haarfollikelzellen kommen, die dann weniger Horn absondern. Der Wnt-Signalweg spielt hier, gewiss, eine zentrale Rolle. Wnt &#8211; wie passend in Chile. Doch dazu gibt es eine andere Special Edition.<\/p>\n<p>4) Malnutrition, also Mangelern\u00e4hrung: Soviel, wie ich hier esse? Ausgeschlossen! Da ist mindestens auch ein Apfel pro Tag dabei, oder eine Tomate. Au\u00dferdem sind vielen Keksen und Softdrinks Vitamine zugef\u00fcgt. Also diese These kann gerne hinten angestellt werden. Doch apropos: Die Chilenen zeichnen netterweise die besonders wertvollen Lebensmittel mit schwarzen Sechsecken aus: &#8222;Viele Kalorien&#8220;, &#8222;viele kurzkettige Zucker&#8220;, etc. F\u00fcr Schwerstarbeiter und Radfahrer sehr hilfreich beim Einkauf.<\/p>\n<p>5) Anpassung durch das Unbewu\u00dftsein. Da die Chilenen kaum B\u00e4rte tragen, bremst das Unbewusste mein eigenes Bartwachstum. Der ein oder andere Leser mag sich hier an den Begriff der &#8222;Psychosomatik&#8220; erinnert wissen. Frauen schaffen es unbewusst auch ihren Zyklus abzugleichen, wieso M\u00e4nner nicht den Bartwuchs?<\/p>\n<p>Zusammenfassung und Schlussfolgerung: Zitat aus Willy Astors sensationellem &#8222;Flunserl&#8220;: &#8222;Ja, so an Schei\u00df denk i mir manchmal.&#8220;<\/p>\n<p>Nachtrag: Der interessierte Leser wird sich beim heutigen Blog fragen, warum der Beyer schon wieder schreibt. Ist er irgendwo h\u00e4ngen geblieben? Seine Etappen sind zuletzt schon ins Mittelma\u00df abgerutscht. &#8211; Mitnichten! F\u00fcnfzig Kilometer R\u00fcckenwind vor Constitucion haben mich gestern verleitet &#8211; wenn jemand fragen sollte, was mich geritten hat! &#8211; drei auf zwei Etappen zusammenzulegen. Nach 430 Kilometer und 4100 H\u00f6henmeter in zwei Tagen sitze ich jetzt in Concepcion. Nat\u00fcrlich ist einiges passiert, in den beiden vergangenen Tagen, doch dazu eher morgen mehr. Hier schon ein paar Impressionen von der Strecke:<\/p>\n<div class='polaroid-gallery galleryid-338' style='width:510px;'>\n\t\t\t<a href=\"https:\/\/radness.de\/wp-content\/uploads\/2016\/12\/dsc_3737-1024x678.jpg\" title=\"dsc_3737\" rel=\"polaroid_1124926391\" class=\"polaroid-gallery-item showcaption\"><span class=\"polaroid-gallery-image\" title=\"\" style=\"background-image: url(https:\/\/radness.de\/wp-content\/uploads\/2016\/12\/dsc_3737-150x150.jpg); width: 150px; height: 150px;\"><\/span><\/a>\n\t\t\t<a href=\"https:\/\/radness.de\/wp-content\/uploads\/2016\/12\/dsc_3772-1024x678.jpg\" title=\"dsc_3772\" rel=\"polaroid_1124926391\" class=\"polaroid-gallery-item showcaption\"><span class=\"polaroid-gallery-image\" title=\"\" style=\"background-image: url(https:\/\/radness.de\/wp-content\/uploads\/2016\/12\/dsc_3772-150x150.jpg); width: 150px; height: 150px;\"><\/span><\/a>\n\t\t\t<a href=\"https:\/\/radness.de\/wp-content\/uploads\/2016\/12\/dsc_3781-1024x678.jpg\" title=\"dsc_3781\" rel=\"polaroid_1124926391\" class=\"polaroid-gallery-item showcaption\"><span class=\"polaroid-gallery-image\" title=\"\" style=\"background-image: url(https:\/\/radness.de\/wp-content\/uploads\/2016\/12\/dsc_3781-150x150.jpg); width: 150px; height: 150px;\"><\/span><\/a>\n\t\t\t<br style=\"clear: both;\" \/>\n\t\t\t<a href=\"https:\/\/radness.de\/wp-content\/uploads\/2016\/12\/dsc_3821-1024x678.jpg\" title=\"dsc_3821\" rel=\"polaroid_1124926391\" class=\"polaroid-gallery-item showcaption\"><span class=\"polaroid-gallery-image\" title=\"\" style=\"background-image: url(https:\/\/radness.de\/wp-content\/uploads\/2016\/12\/dsc_3821-150x150.jpg); width: 150px; height: 150px;\"><\/span><\/a>\n\t\t\t<br style=\"clear: both;\" \/><\/div>\n\n","protected":false},"excerpt":{"rendered":"<p>Hochmotiviert bin ich, inspiriert durch Axel H., in den Movember gestartet. Gut, die Regeln lie\u00dfen sich individualisieren: Ich h\u00e4tte den ganzen Bart wachsen lassen, und nicht nur den Schnauzer. Ich habe schlie\u00dflich keinen Rasierer mit. Und wer will schon streng mit sich sein? &#8222;H\u00e4tte den Bart wachsen lassen&#8220; ist fast richtig, denn die beiden Punkte &#8230; <span class=\"more\"><a class=\"more-link\" href=\"https:\/\/radness.de\/?p=338\">[Read more&#8230;]<\/a><\/span><\/p>\n","protected":false},"author":1,"featured_media":0,"comment_status":"open","ping_status":"closed","sticky":false,"template":"","format":"standard","meta":{"footnotes":""},"categories":[1],"tags":[],"class_list":{"0":"entry","1":"post","2":"publish","3":"author-byrchrstn_n43u0aab","4":"post-338","6":"format-standard","7":"category-uncategorized"},"_links":{"self":[{"href":"https:\/\/radness.de\/index.php?rest_route=\/wp\/v2\/posts\/338","targetHints":{"allow":["GET"]}}],"collection":[{"href":"https:\/\/radness.de\/index.php?rest_route=\/wp\/v2\/posts"}],"about":[{"href":"https:\/\/radness.de\/index.php?rest_route=\/wp\/v2\/types\/post"}],"author":[{"embeddable":true,"href":"https:\/\/radness.de\/index.php?rest_route=\/wp\/v2\/users\/1"}],"replies":[{"embeddable":true,"href":"https:\/\/radness.de\/index.php?rest_route=%2Fwp%2Fv2%2Fcomments&post=338"}],"version-history":[{"count":0,"href":"https:\/\/radness.de\/index.php?rest_route=\/wp\/v2\/posts\/338\/revisions"}],"wp:attachment":[{"href":"https:\/\/radness.de\/index.php?rest_route=%2Fwp%2Fv2%2Fmedia&parent=338"}],"wp:term":[{"taxonomy":"category","embeddable":true,"href":"https:\/\/radness.de\/index.php?rest_route=%2Fwp%2Fv2%2Fcategories&post=338"},{"taxonomy":"post_tag","embeddable":true,"href":"https:\/\/radness.de\/index.php?rest_route=%2Fwp%2Fv2%2Ftags&post=338"}],"curies":[{"name":"wp","href":"https:\/\/api.w.org\/{rel}","templated":true}]}}